{"id":8274,"date":"2025-05-13T10:34:33","date_gmt":"2025-05-13T10:34:33","guid":{"rendered":"https:\/\/fundaciomacba.es\/?p=8274"},"modified":"2025-05-13T11:33:32","modified_gmt":"2025-05-13T11:33:32","slug":"donde-arte-y-olfato-se-encuentran-la-coleccion-nasevo-en-la-fundacion-ernesto-ventos","status":"publish","type":"post","link":"https:\/\/fundaciomacba.es\/es\/donde-arte-y-olfato-se-encuentran-la-coleccion-nasevo-en-la-fundacion-ernesto-ventos\/","title":{"rendered":"Donde arte y olfato se encuentran: la Colecci\u00f3n NASEVO en la Fundaci\u00f3n Ernesto Vent\u00f3s"},"content":{"rendered":"<p><img decoding=\"async\" class=\"alignnone size-medium wp-image-8265\" src=\"http:\/\/fundaciomacba.es\/wp-content\/uploads\/2025\/05\/2-300x169.jpg\" alt=\"\" width=\"300\" height=\"169\" srcset=\"https:\/\/fundaciomacba.es\/app\/uploads\/2025\/05\/2-300x169.jpg 300w, https:\/\/fundaciomacba.es\/app\/uploads\/2025\/05\/2-1024x576.jpg 1024w, https:\/\/fundaciomacba.es\/app\/uploads\/2025\/05\/2-768x432.jpg 768w, https:\/\/fundaciomacba.es\/app\/uploads\/2025\/05\/2.jpg 1366w\" sizes=\"(max-width: 300px) 100vw, 300px\" \/><\/p>\n<p><img decoding=\"async\" class=\"alignnone size-medium wp-image-8268\" src=\"http:\/\/fundaciomacba.es\/wp-content\/uploads\/2025\/05\/3-300x169.jpg\" alt=\"\" width=\"300\" height=\"169\" srcset=\"https:\/\/fundaciomacba.es\/app\/uploads\/2025\/05\/3-300x169.jpg 300w, https:\/\/fundaciomacba.es\/app\/uploads\/2025\/05\/3-1024x576.jpg 1024w, https:\/\/fundaciomacba.es\/app\/uploads\/2025\/05\/3-768x432.jpg 768w, https:\/\/fundaciomacba.es\/app\/uploads\/2025\/05\/3.jpg 1366w\" sizes=\"(max-width: 300px) 100vw, 300px\" \/><\/p>\n<p><img decoding=\"async\" class=\"alignnone size-medium wp-image-8271\" src=\"http:\/\/fundaciomacba.es\/wp-content\/uploads\/2025\/05\/4-300x169.jpg\" alt=\"\" width=\"300\" height=\"169\" srcset=\"https:\/\/fundaciomacba.es\/app\/uploads\/2025\/05\/4-300x169.jpg 300w, https:\/\/fundaciomacba.es\/app\/uploads\/2025\/05\/4-1024x576.jpg 1024w, https:\/\/fundaciomacba.es\/app\/uploads\/2025\/05\/4-768x432.jpg 768w, https:\/\/fundaciomacba.es\/app\/uploads\/2025\/05\/4.jpg 1366w\" sizes=\"(max-width: 300px) 100vw, 300px\" \/><\/p>\n<p>&nbsp;<\/p>\n","protected":false},"excerpt":{"rendered":"<p>&nbsp;<\/p>\n","protected":false},"author":4,"featured_media":8262,"comment_status":"closed","ping_status":"open","sticky":false,"template":"","format":"standard","meta":{"_acf_changed":false,"footnotes":""},"categories":[51],"class_list":["post-8274","post","type-post","status-publish","format-standard","has-post-thumbnail","hentry","category-actividades"],"acf":[],"_links":{"self":[{"href":"https:\/\/fundaciomacba.es\/es\/wp-json\/wp\/v2\/posts\/8274","targetHints":{"allow":["GET"]}}],"collection":[{"href":"https:\/\/fundaciomacba.es\/es\/wp-json\/wp\/v2\/posts"}],"about":[{"href":"https:\/\/fundaciomacba.es\/es\/wp-json\/wp\/v2\/types\/post"}],"author":[{"embeddable":true,"href":"https:\/\/fundaciomacba.es\/es\/wp-json\/wp\/v2\/users\/4"}],"replies":[{"embeddable":true,"href":"https:\/\/fundaciomacba.es\/es\/wp-json\/wp\/v2\/comments?post=8274"}],"version-history":[{"count":5,"href":"https:\/\/fundaciomacba.es\/es\/wp-json\/wp\/v2\/posts\/8274\/revisions"}],"predecessor-version":[{"id":8795,"href":"https:\/\/fundaciomacba.es\/es\/wp-json\/wp\/v2\/posts\/8274\/revisions\/8795"}],"wp:featuredmedia":[{"embeddable":true,"href":"https:\/\/fundaciomacba.es\/es\/wp-json\/wp\/v2\/media\/8262"}],"wp:attachment":[{"href":"https:\/\/fundaciomacba.es\/es\/wp-json\/wp\/v2\/media?parent=8274"}],"wp:term":[{"taxonomy":"category","embeddable":true,"href":"https:\/\/fundaciomacba.es\/es\/wp-json\/wp\/v2\/categories?post=8274"}],"curies":[{"name":"wp","href":"https:\/\/api.w.org\/{rel}","templated":true}]}}