{"id":7977,"date":"2025-02-28T11:29:54","date_gmt":"2025-02-28T11:29:54","guid":{"rendered":"https:\/\/fundaciomacba.es\/?p=7977"},"modified":"2025-02-28T11:29:54","modified_gmt":"2025-02-28T11:29:54","slug":"sueno-maquina-de-pajaro-teresa-solar-en-el-macba","status":"publish","type":"post","link":"https:\/\/fundaciomacba.es\/es\/sueno-maquina-de-pajaro-teresa-solar-en-el-macba\/","title":{"rendered":"Sue\u00f1o m\u00e1quina de p\u00e1jaro: Teresa Solar en el MACBA"},"content":{"rendered":"<p><a href=\"http:\/\/fundaciomacba.es\/wp-content\/uploads\/2025\/02\/2025_Teresa-Solar_visita_-2.jpg\"><img decoding=\"async\" class=\"size-medium wp-image-7997 alignnone\" src=\"http:\/\/fundaciomacba.es\/wp-content\/uploads\/2025\/02\/2025_Teresa-Solar_visita_-2-300x200.jpg\" alt=\"\" width=\"300\" height=\"200\" srcset=\"https:\/\/fundaciomacba.es\/app\/uploads\/2025\/02\/2025_Teresa-Solar_visita_-2-300x200.jpg 300w, https:\/\/fundaciomacba.es\/app\/uploads\/2025\/02\/2025_Teresa-Solar_visita_-2-1024x683.jpg 1024w, https:\/\/fundaciomacba.es\/app\/uploads\/2025\/02\/2025_Teresa-Solar_visita_-2-768x512.jpg 768w, https:\/\/fundaciomacba.es\/app\/uploads\/2025\/02\/2025_Teresa-Solar_visita_-2-1536x1024.jpg 1536w, https:\/\/fundaciomacba.es\/app\/uploads\/2025\/02\/2025_Teresa-Solar_visita_-2.jpg 1920w\" sizes=\"(max-width: 300px) 100vw, 300px\" \/><\/a><\/p>\n<p><a href=\"http:\/\/fundaciomacba.es\/wp-content\/uploads\/2025\/02\/2025_Teresa-Solar_visita_-3.jpg\"><img decoding=\"async\" class=\"size-medium wp-image-8000 alignnone\" src=\"http:\/\/fundaciomacba.es\/wp-content\/uploads\/2025\/02\/2025_Teresa-Solar_visita_-3-300x200.jpg\" alt=\"\" width=\"300\" height=\"200\" srcset=\"https:\/\/fundaciomacba.es\/app\/uploads\/2025\/02\/2025_Teresa-Solar_visita_-3-300x200.jpg 300w, https:\/\/fundaciomacba.es\/app\/uploads\/2025\/02\/2025_Teresa-Solar_visita_-3-1024x683.jpg 1024w, https:\/\/fundaciomacba.es\/app\/uploads\/2025\/02\/2025_Teresa-Solar_visita_-3-768x512.jpg 768w, https:\/\/fundaciomacba.es\/app\/uploads\/2025\/02\/2025_Teresa-Solar_visita_-3-1536x1024.jpg 1536w, https:\/\/fundaciomacba.es\/app\/uploads\/2025\/02\/2025_Teresa-Solar_visita_-3.jpg 1920w\" sizes=\"(max-width: 300px) 100vw, 300px\" \/><\/a><\/p>\n<p><a href=\"http:\/\/fundaciomacba.es\/wp-content\/uploads\/2025\/02\/2025_Teresa-Solar_visita_-1.jpg\"><img decoding=\"async\" class=\"size-medium wp-image-8003 alignnone\" src=\"http:\/\/fundaciomacba.es\/wp-content\/uploads\/2025\/02\/2025_Teresa-Solar_visita_-1-300x200.jpg\" alt=\"\" width=\"300\" height=\"200\" srcset=\"https:\/\/fundaciomacba.es\/app\/uploads\/2025\/02\/2025_Teresa-Solar_visita_-1-300x200.jpg 300w, https:\/\/fundaciomacba.es\/app\/uploads\/2025\/02\/2025_Teresa-Solar_visita_-1-1024x683.jpg 1024w, https:\/\/fundaciomacba.es\/app\/uploads\/2025\/02\/2025_Teresa-Solar_visita_-1-768x512.jpg 768w, https:\/\/fundaciomacba.es\/app\/uploads\/2025\/02\/2025_Teresa-Solar_visita_-1-1536x1024.jpg 1536w, https:\/\/fundaciomacba.es\/app\/uploads\/2025\/02\/2025_Teresa-Solar_visita_-1.jpg 1920w\" sizes=\"(max-width: 300px) 100vw, 300px\" \/><\/a><\/p>\n<p>&nbsp;<\/p>\n<p>&nbsp;<\/p>\n","protected":false},"excerpt":{"rendered":"<p>&nbsp; &nbsp;<\/p>\n","protected":false},"author":4,"featured_media":7994,"comment_status":"closed","ping_status":"open","sticky":false,"template":"","format":"standard","meta":{"_acf_changed":false,"footnotes":""},"categories":[51],"class_list":["post-7977","post","type-post","status-publish","format-standard","has-post-thumbnail","hentry","category-actividades"],"acf":[],"_links":{"self":[{"href":"https:\/\/fundaciomacba.es\/es\/wp-json\/wp\/v2\/posts\/7977","targetHints":{"allow":["GET"]}}],"collection":[{"href":"https:\/\/fundaciomacba.es\/es\/wp-json\/wp\/v2\/posts"}],"about":[{"href":"https:\/\/fundaciomacba.es\/es\/wp-json\/wp\/v2\/types\/post"}],"author":[{"embeddable":true,"href":"https:\/\/fundaciomacba.es\/es\/wp-json\/wp\/v2\/users\/4"}],"replies":[{"embeddable":true,"href":"https:\/\/fundaciomacba.es\/es\/wp-json\/wp\/v2\/comments?post=7977"}],"version-history":[{"count":5,"href":"https:\/\/fundaciomacba.es\/es\/wp-json\/wp\/v2\/posts\/7977\/revisions"}],"predecessor-version":[{"id":8007,"href":"https:\/\/fundaciomacba.es\/es\/wp-json\/wp\/v2\/posts\/7977\/revisions\/8007"}],"wp:featuredmedia":[{"embeddable":true,"href":"https:\/\/fundaciomacba.es\/es\/wp-json\/wp\/v2\/media\/7994"}],"wp:attachment":[{"href":"https:\/\/fundaciomacba.es\/es\/wp-json\/wp\/v2\/media?parent=7977"}],"wp:term":[{"taxonomy":"category","embeddable":true,"href":"https:\/\/fundaciomacba.es\/es\/wp-json\/wp\/v2\/categories?post=7977"}],"curies":[{"name":"wp","href":"https:\/\/api.w.org\/{rel}","templated":true}]}}