{"id":1011,"date":"2020-05-21T15:05:46","date_gmt":"2020-05-21T15:05:46","guid":{"rendered":"http:\/\/fundaciomacba.es\/capsules-dart-contemporani\/"},"modified":"2023-03-09T12:00:22","modified_gmt":"2023-03-09T12:00:22","slug":"capsulas-de-arte-contemporaneo","status":"publish","type":"post","link":"https:\/\/fundaciomacba.es\/es\/capsulas-de-arte-contemporaneo\/","title":{"rendered":"C\u00e1psulas de arte contempor\u00e1neo"},"content":{"rendered":"<p><a href=\"https:\/\/mailchi.mp\/macba.cat\/capsula_arte_conceptual\" target=\"_blank\" rel=\"noopener\">C\u00e1psula I: \u00abArte Conceptual. La idea como obra de arte\u00bb\u00a0<\/a><\/p>\n<p><a href=\"https:\/\/mailchi.mp\/macba.cat\/capsula_minimal\" target=\"_blank\" rel=\"noopener\">C\u00e1psula II: \u00abArte Minimal. Menos es m\u00e1s\u00bb\u00a0<\/a><\/p>\n<p><a href=\"https:\/\/mailchi.mp\/macba\/body_art\" target=\"_blank\" rel=\"noopener\">C\u00e1psula III: \u00abBody Art. Cuerpos de carne y hueso. El cuerpo como materia art\u00edstica\u00bb<\/a><\/p>\n<p><a href=\"https:\/\/mailchi.mp\/macba\/land_art\" target=\"_blank\" rel=\"noopener\">C\u00e1psula IV: \u00abLand Art\u00bb. \u00bfLa naturaleza en el museo?\u00a0<\/a><\/p>\n<p><a href=\"https:\/\/mailchi.mp\/macba\/arte_povera\" target=\"_blank\" rel=\"noopener\">C\u00e1psula V: \u00abArte Povera. \u00c9tica y est\u00e9tica de los materiales pobres\u00a0<\/a><\/p>\n<p><a href=\"https:\/\/mailchi.mp\/macba\/arte_pop\" target=\"_blank\" rel=\"noopener\">C\u00e1psula VI: \u00abPop Art\u00bb. Un arte para la sociedad de consumo<\/a><\/p>\n<p><a href=\"https:\/\/mailchi.mp\/macba\/critica_institucional\" target=\"_blank\" rel=\"noopener\">C\u00e1psula VII: \u00abCr\u00edtica institucional. Contra el museo, desde el museo\u00bb <\/a><\/p>\n<p><a href=\"https:\/\/mailchi.mp\/macba\/retorno_pintura\" target=\"_blank\" rel=\"noopener\">C\u00e1psula VIII: \u00abEl retorno a la pintura\u00bb<\/a><\/p>\n<p><a href=\"https:\/\/mailchi.mp\/macba\/informalismo\" target=\"_blank\" rel=\"noopener\">C\u00e1psula IX: \u00abInformalismo. Un \u00abarte otro\u00bb para una \u00abrealidad otra\u00bb\u00bb<\/a><\/p>\n<p><a href=\"https:\/\/mailchi.mp\/macba\/el_tiempo\" target=\"_blank\" rel=\"noopener\">C\u00e1psula X: \u00abEl tiempo como materia art\u00edstica\u00bb<\/a><\/p>\n<p><em><strong>Autor de las C\u00e1psulas:<\/strong> Daniel L\u00f3pez del Rinc\u00f3n, Doctor en Historia del Arte, profesor e investigador en la Universidad de Barcelona. Su trabajo gira en torno al arte contempor\u00e1neo y a los debates sobre la postnaturaleza. Esta l\u00ednea de trabajo le ha llevado a realizar m\u00faltiples publicaciones y al comisariado de diversas exposiciones. Ha sido profesor invitado en m\u00faltiples centros nacionales e internacionales.<\/em><\n\n<em>*Gracias al apoyo de Audemars Piguet<\/em><\/p>\n","protected":false},"excerpt":{"rendered":"<p>C\u00e1psula I: \u00abArte Conceptual. La idea como obra de arte\u00bb\u00a0 C\u00e1psula II: \u00abArte Minimal. Menos es m\u00e1s\u00bb\u00a0 C\u00e1psula III: \u00abBody Art. Cuerpos de carne y hueso. El cuerpo como materia art\u00edstica\u00bb C\u00e1psula IV: \u00abLand Art\u00bb. \u00bfLa naturaleza en el museo?\u00a0 C\u00e1psula V: \u00abArte Povera. \u00c9tica y est\u00e9tica de los materiales pobres\u00a0 C\u00e1psula VI: \u00abPop Art\u00bb. Un arte para la sociedad de consumo C\u00e1psula VII: \u00abCr\u00edtica institucional. Contra el museo, desde el museo\u00bb C\u00e1psula VIII: \u00abEl retorno a la pintura\u00bb C\u00e1psula IX: \u00abInformalismo. Un \u00abarte otro\u00bb para una \u00abrealidad otra\u00bb\u00bb C\u00e1psula X: \u00abEl tiempo como materia art\u00edstica\u00bb Autor de las C\u00e1psulas:&#8230;<\/p>\n","protected":false},"author":1,"featured_media":919,"comment_status":"closed","ping_status":"open","sticky":false,"template":"","format":"standard","meta":{"_acf_changed":false,"footnotes":""},"categories":[50],"class_list":["post-1011","post","type-post","status-publish","format-standard","has-post-thumbnail","hentry","category-capsulas"],"acf":[],"_links":{"self":[{"href":"https:\/\/fundaciomacba.es\/es\/wp-json\/wp\/v2\/posts\/1011","targetHints":{"allow":["GET"]}}],"collection":[{"href":"https:\/\/fundaciomacba.es\/es\/wp-json\/wp\/v2\/posts"}],"about":[{"href":"https:\/\/fundaciomacba.es\/es\/wp-json\/wp\/v2\/types\/post"}],"author":[{"embeddable":true,"href":"https:\/\/fundaciomacba.es\/es\/wp-json\/wp\/v2\/users\/1"}],"replies":[{"embeddable":true,"href":"https:\/\/fundaciomacba.es\/es\/wp-json\/wp\/v2\/comments?post=1011"}],"version-history":[{"count":3,"href":"https:\/\/fundaciomacba.es\/es\/wp-json\/wp\/v2\/posts\/1011\/revisions"}],"predecessor-version":[{"id":1398,"href":"https:\/\/fundaciomacba.es\/es\/wp-json\/wp\/v2\/posts\/1011\/revisions\/1398"}],"wp:featuredmedia":[{"embeddable":true,"href":"https:\/\/fundaciomacba.es\/es\/wp-json\/wp\/v2\/media\/919"}],"wp:attachment":[{"href":"https:\/\/fundaciomacba.es\/es\/wp-json\/wp\/v2\/media?parent=1011"}],"wp:term":[{"taxonomy":"category","embeddable":true,"href":"https:\/\/fundaciomacba.es\/es\/wp-json\/wp\/v2\/categories?post=1011"}],"curies":[{"name":"wp","href":"https:\/\/api.w.org\/{rel}","templated":true}]}}