{"id":1006,"date":"2020-04-30T15:15:44","date_gmt":"2020-04-30T15:15:44","guid":{"rendered":"http:\/\/fundaciomacba.es\/barcelona-gallery-weekend-2020\/"},"modified":"2023-03-09T12:00:22","modified_gmt":"2023-03-09T12:00:22","slug":"barcelona-gallery-weekend-2020","status":"publish","type":"post","link":"https:\/\/fundaciomacba.es\/es\/barcelona-gallery-weekend-2020\/","title":{"rendered":"Barcelona Gallery Weekend 2020"},"content":{"rendered":"<p>Gallery Weekend es un evento anual de cuatro d\u00edas promovido por la asociaci\u00f3n Art Barcelona y abierto a todas las galer\u00edas de la ciudad y \u00e1rea metropolitana. Re\u00fane un programa general de exposiciones en galer\u00edas de arte y un programa paralelo de visitas guiadas por galeristas, artistas y comisarios \/ as, performances, encuentros, presentaciones y otras actividades especiales en torno al arte contempor\u00e1neo de Barcelona.<\/p>\n","protected":false},"excerpt":{"rendered":"<p>Gallery Weekend es un evento anual de cuatro d\u00edas promovido por la asociaci\u00f3n Art Barcelona y abierto a todas las galer\u00edas de la ciudad y \u00e1rea metropolitana. Re\u00fane un programa general de exposiciones en galer\u00edas de arte y un programa paralelo de visitas guiadas por galeristas, artistas y comisarios \/ as, performances, encuentros, presentaciones y otras actividades especiales en torno al arte contempor\u00e1neo de Barcelona.<\/p>\n","protected":false},"author":1,"featured_media":934,"comment_status":"closed","ping_status":"open","sticky":false,"template":"","format":"standard","meta":{"_acf_changed":false,"footnotes":""},"categories":[49],"class_list":["post-1006","post","type-post","status-publish","format-standard","has-post-thumbnail","hentry","category-noticias"],"acf":[],"_links":{"self":[{"href":"https:\/\/fundaciomacba.es\/es\/wp-json\/wp\/v2\/posts\/1006","targetHints":{"allow":["GET"]}}],"collection":[{"href":"https:\/\/fundaciomacba.es\/es\/wp-json\/wp\/v2\/posts"}],"about":[{"href":"https:\/\/fundaciomacba.es\/es\/wp-json\/wp\/v2\/types\/post"}],"author":[{"embeddable":true,"href":"https:\/\/fundaciomacba.es\/es\/wp-json\/wp\/v2\/users\/1"}],"replies":[{"embeddable":true,"href":"https:\/\/fundaciomacba.es\/es\/wp-json\/wp\/v2\/comments?post=1006"}],"version-history":[{"count":1,"href":"https:\/\/fundaciomacba.es\/es\/wp-json\/wp\/v2\/posts\/1006\/revisions"}],"predecessor-version":[{"id":1010,"href":"https:\/\/fundaciomacba.es\/es\/wp-json\/wp\/v2\/posts\/1006\/revisions\/1010"}],"wp:featuredmedia":[{"embeddable":true,"href":"https:\/\/fundaciomacba.es\/es\/wp-json\/wp\/v2\/media\/934"}],"wp:attachment":[{"href":"https:\/\/fundaciomacba.es\/es\/wp-json\/wp\/v2\/media?parent=1006"}],"wp:term":[{"taxonomy":"category","embeddable":true,"href":"https:\/\/fundaciomacba.es\/es\/wp-json\/wp\/v2\/categories?post=1006"}],"curies":[{"name":"wp","href":"https:\/\/api.w.org\/{rel}","templated":true}]}}